{"id":127,"date":"2024-04-22T07:14:59","date_gmt":"2024-04-22T07:14:59","guid":{"rendered":"https:\/\/socialnc.org\/b\/el-poder-del-activismo-en-las-redes-sociales\/"},"modified":"2024-04-22T07:49:23","modified_gmt":"2024-04-22T07:49:23","slug":"el-poder-del-activismo-en-las-redes-sociales","status":"publish","type":"post","link":"https:\/\/socialnc.org\/b\/el-poder-del-activismo-en-las-redes-sociales\/","title":{"rendered":"El poder del activismo en las redes sociales"},"content":{"rendered":"\n<h2 class=\"wp-block-heading\">Introducci\u00f3n<\/h2>\n\n\n\n<p>En la era digital en la que vivimos, las redes sociales se han convertido en una parte integral de nuestras vidas. Estas plataformas en l\u00ednea nos permiten conectarnos con personas de todo el mundo, compartir ideas y opiniones, y acceder a informaci\u00f3n instant\u00e1nea. Pero m\u00e1s all\u00e1 de ser simples herramientas de comunicaci\u00f3n, las redes sociales tambi\u00e9n desempe\u00f1an un papel crucial en la promoci\u00f3n del activismo y el cambio social.<\/p>\n\n\n\n<h2 class=\"wp-block-heading\">El poder de la organizaci\u00f3n en l\u00ednea<\/h2>\n\n\n\n<p>Una de las formas en que las redes sociales han impactado el activismo es a trav\u00e9s de su capacidad para organizar y movilizar a las personas. Antes de la existencia de estas plataformas, la organizaci\u00f3n de movimientos sociales requer\u00eda una gran cantidad de recursos y esfuerzo. Ahora, con solo unos pocos clics, es posible crear un evento, invitar a personas y difundir informaci\u00f3n a una amplia audiencia.<\/p>\n\n\n\n<p>Un ejemplo destacado de esto es el movimiento #BlackLivesMatter. Surgido en respuesta a la violencia policial y la discriminaci\u00f3n racial, este movimiento ha utilizado las redes sociales como una herramienta para difundir su mensaje y organizar protestas en todo el mundo. A trav\u00e9s de hashtags, publicaciones virales y transmisiones en vivo, #BlackLivesMatter ha logrado generar conciencia y movilizar a millones de personas en la lucha por la igualdad racial.<\/p>\n\n\n\n<h2 class=\"wp-block-heading\">La difusi\u00f3n de informaci\u00f3n y conciencia<\/h2>\n\n\n\n<p>Otro aspecto importante del papel de las redes sociales en el activismo es su capacidad para difundir informaci\u00f3n y crear conciencia sobre temas sociales importantes. Antes de la era de las redes sociales, la informaci\u00f3n se transmit\u00eda principalmente a trav\u00e9s de los medios de comunicaci\u00f3n tradicionales, lo que limitaba la diversidad de voces y perspectivas que se pod\u00edan escuchar.<\/p>\n\n\n\n<p>Hoy en d\u00eda, cualquier persona con acceso a Internet puede convertirse en un \u00abinfluencer\u00bb y compartir su opini\u00f3n sobre temas sociales. Esto ha llevado a la aparici\u00f3n de movimientos como el feminismo interseccional, que busca abordar las m\u00faltiples formas de opresi\u00f3n que enfrentan las mujeres. A trav\u00e9s de blogs, videos y publicaciones en redes sociales, las activistas feministas han logrado difundir su mensaje y desafiar las narrativas dominantes.<\/p>\n\n\n\n<h2 class=\"wp-block-heading\">El impacto global de las redes sociales<\/h2>\n\n\n\n<p>Una de las mayores ventajas de las redes sociales es su alcance global. Estas plataformas nos permiten conectarnos con personas de diferentes pa\u00edses y culturas, lo que facilita la colaboraci\u00f3n y el intercambio de ideas a nivel mundial.<\/p>\n\n\n\n<p>Un ejemplo de esto es el movimiento #MeToo, que surgi\u00f3 como respuesta a las acusaciones de abuso sexual en la industria del entretenimiento. A trav\u00e9s de las redes sociales, las v\u00edctimas de abuso sexual compartieron sus historias y se solidarizaron entre s\u00ed, creando conciencia sobre la magnitud del problema. Este movimiento se extendi\u00f3 r\u00e1pidamente a nivel mundial, inspirando a otras personas a hablar y exigir un cambio en sus propias comunidades.<\/p>\n\n\n\n<h2 class=\"wp-block-heading\">Conclusiones<\/h2>\n\n\n\n<p>En resumen, las redes sociales han desempe\u00f1ado un papel fundamental en la promoci\u00f3n del activismo y el cambio social. Estas plataformas nos permiten organizar y movilizar a las personas de una manera m\u00e1s eficiente, difundir informaci\u00f3n y crear conciencia sobre temas importantes, y conectarnos con personas de todo el mundo para colaborar en la lucha por un mundo mejor. A medida que continuamos avanzando en la era digital, es importante reconocer y aprovechar el poder de las redes sociales para promover el cambio social positivo.<\/p>\n\n\n\n<p>Te recomendamos leer:<\/p>\n\n\n\n<ul class=\"wp-block-list\">\n<li><a href=\"https:\/\/www.internetmatters.org\/es\/hub\/news-blogs\/online-activism-social-media-and-young-people\/\" title=\"Activismo en l\u00ednea, redes sociales y j\u00f3venes.\">Activismo en l\u00ednea, redes sociales y j\u00f3venes.<\/a><\/li>\n\n\n\n<li><a href=\"https:\/\/ayudaenaccion.org\/blog\/solidaridad\/redes-y-activismo-digital\/\" title=\"Redes y activismo digital: casos de \u00e9xito.\">Redes y activismo digital: casos de \u00e9xito.<\/a><\/li>\n<\/ul>\n","protected":false},"excerpt":{"rendered":"<p>Introducci\u00f3n En la era digital en la que vivimos, las redes sociales se han convertido en una parte integral de [&hellip;]<\/p>\n","protected":false},"author":1,"featured_media":0,"comment_status":"closed","ping_status":"closed","sticky":false,"template":"","format":"standard","meta":{"site-sidebar-layout":"default","site-content-layout":"","ast-site-content-layout":"default","site-content-style":"default","site-sidebar-style":"default","ast-global-header-display":"","ast-banner-title-visibility":"","ast-main-header-display":"","ast-hfb-above-header-display":"","ast-hfb-below-header-display":"","ast-hfb-mobile-header-display":"","site-post-title":"","ast-breadcrumbs-content":"","ast-featured-img":"","footer-sml-layout":"","ast-disable-related-posts":"","theme-transparent-header-meta":"","adv-header-id-meta":"","stick-header-meta":"","header-above-stick-meta":"","header-main-stick-meta":"","header-below-stick-meta":"","astra-migrate-meta-layouts":"default","ast-page-background-enabled":"default","ast-page-background-meta":{"desktop":{"background-color":"var(--ast-global-color-4)","background-image":"","background-repeat":"repeat","background-position":"center center","background-size":"auto","background-attachment":"scroll","background-type":"","background-media":"","overlay-type":"","overlay-color":"","overlay-opacity":"","overlay-gradient":""},"tablet":{"background-color":"","background-image":"","background-repeat":"repeat","background-position":"center center","background-size":"auto","background-attachment":"scroll","background-type":"","background-media":"","overlay-type":"","overlay-color":"","overlay-opacity":"","overlay-gradient":""},"mobile":{"background-color":"","background-image":"","background-repeat":"repeat","background-position":"center center","background-size":"auto","background-attachment":"scroll","background-type":"","background-media":"","overlay-type":"","overlay-color":"","overlay-opacity":"","overlay-gradient":""}},"ast-content-background-meta":{"desktop":{"background-color":"var(--ast-global-color-5)","background-image":"","background-repeat":"repeat","background-position":"center center","background-size":"auto","background-attachment":"scroll","background-type":"","background-media":"","overlay-type":"","overlay-color":"","overlay-opacity":"","overlay-gradient":""},"tablet":{"background-color":"var(--ast-global-color-5)","background-image":"","background-repeat":"repeat","background-position":"center center","background-size":"auto","background-attachment":"scroll","background-type":"","background-media":"","overlay-type":"","overlay-color":"","overlay-opacity":"","overlay-gradient":""},"mobile":{"background-color":"var(--ast-global-color-5)","background-image":"","background-repeat":"repeat","background-position":"center center","background-size":"auto","background-attachment":"scroll","background-type":"","background-media":"","overlay-type":"","overlay-color":"","overlay-opacity":"","overlay-gradient":""}},"footnotes":""},"categories":[1,70],"tags":[71,72,6],"class_list":["post-127","post","type-post","status-publish","format-standard","hentry","category-blog","category-sociedad","tag-activismo","tag-cambio-social","tag-redes-sociales"],"aioseo_notices":[],"_links":{"self":[{"href":"https:\/\/socialnc.org\/b\/wp-json\/wp\/v2\/posts\/127","targetHints":{"allow":["GET"]}}],"collection":[{"href":"https:\/\/socialnc.org\/b\/wp-json\/wp\/v2\/posts"}],"about":[{"href":"https:\/\/socialnc.org\/b\/wp-json\/wp\/v2\/types\/post"}],"author":[{"embeddable":true,"href":"https:\/\/socialnc.org\/b\/wp-json\/wp\/v2\/users\/1"}],"replies":[{"embeddable":true,"href":"https:\/\/socialnc.org\/b\/wp-json\/wp\/v2\/comments?post=127"}],"version-history":[{"count":2,"href":"https:\/\/socialnc.org\/b\/wp-json\/wp\/v2\/posts\/127\/revisions"}],"predecessor-version":[{"id":155,"href":"https:\/\/socialnc.org\/b\/wp-json\/wp\/v2\/posts\/127\/revisions\/155"}],"wp:attachment":[{"href":"https:\/\/socialnc.org\/b\/wp-json\/wp\/v2\/media?parent=127"}],"wp:term":[{"taxonomy":"category","embeddable":true,"href":"https:\/\/socialnc.org\/b\/wp-json\/wp\/v2\/categories?post=127"},{"taxonomy":"post_tag","embeddable":true,"href":"https:\/\/socialnc.org\/b\/wp-json\/wp\/v2\/tags?post=127"}],"curies":[{"name":"wp","href":"https:\/\/api.w.org\/{rel}","templated":true}]}}